[{"@context":"https:\/\/schema.org\/","@type":"Article","@id":"https:\/\/www.pomad.cz\/nejlepsi-uklidova-firma-v-praze\/#Article","mainEntityOfPage":"https:\/\/www.pomad.cz\/nejlepsi-uklidova-firma-v-praze\/","headline":"Nejlep\u0161\u00ed \u00faklidov\u00e1 firma v Praze.","name":"Nejlep\u0161\u00ed \u00faklidov\u00e1 firma v Praze.","description":"\u00daklid M\u016f\u017eeme v\u00e1m nab\u00eddnout slu\u017eby \u00faklidov\u00e9 firmy, kter\u00e1 nem\u00e1 \u017e\u00e1dn\u00fd probl\u00e9m s \u00faklidem jak\u00e9hokoli typu. Va\u0161e kancel\u00e1\u0159e, haly, sklady bude ukl\u00edzet bu\u010f v pravideln\u00fdch intervalech, kde se bude prov\u00e1d\u011bt klasick\u00fd b\u011b\u017en\u00fd \u00faklid, nebo jednou za \u010das, t\u0159eba pouze p\u00e1rkr\u00e1t do roka provede opravdu d\u016fkladn\u00fd hloubkov\u00fd \u00faklid. Pokud jste pr\u00e1v\u011b ukon\u010dili stavbu a je t\u0159eba cel\u00fd [&hellip;]","datePublished":"2021-10-14","dateModified":"2024-01-03","author":{"@type":"Person","@id":"https:\/\/www.pomad.cz\/author\/#Person","name":"","url":"https:\/\/www.pomad.cz\/author\/","identifier":1,"image":{"@type":"ImageObject","@id":"https:\/\/secure.gravatar.com\/avatar\/4e6a74466e4227c12d5306875d08720cdfce3572213740db6f4a2e5e46e710ff?s=96&d=mm&r=g","url":"https:\/\/secure.gravatar.com\/avatar\/4e6a74466e4227c12d5306875d08720cdfce3572213740db6f4a2e5e46e710ff?s=96&d=mm&r=g","height":96,"width":96}},"publisher":{"@type":"Organization","name":"pomad.cz","logo":{"@type":"ImageObject","@id":"\/logo.png","url":"\/logo.png","width":600,"height":60}},"image":{"@type":"ImageObject","@id":"https:\/\/www.pomad.cz\/wp-content\/uploads\/cleaning-company-gebdb39376_640.jpg","url":"https:\/\/www.pomad.cz\/wp-content\/uploads\/cleaning-company-gebdb39376_640.jpg","height":0,"width":0},"url":"https:\/\/www.pomad.cz\/nejlepsi-uklidova-firma-v-praze\/","about":["Business"],"wordCount":402,"articleBody":"\u00daklidM\u016f\u017eeme v\u00e1m nab\u00eddnout slu\u017eby \u00faklidov\u00e9 firmy, kter\u00e1 nem\u00e1 \u017e\u00e1dn\u00fd probl\u00e9m s \u00faklidem jak\u00e9hokoli typu. Va\u0161e kancel\u00e1\u0159e, haly, sklady bude ukl\u00edzet bu\u010f v pravideln\u00fdch intervalech, kde se bude prov\u00e1d\u011bt klasick\u00fd b\u011b\u017en\u00fd \u00faklid, nebo jednou za \u010das, t\u0159eba pouze p\u00e1rkr\u00e1t do roka provede opravdu d\u016fkladn\u00fd hloubkov\u00fd \u00faklid. Pokud jste pr\u00e1v\u011b ukon\u010dili stavbu a je t\u0159eba cel\u00fd objekt d\u016fsledn\u011b vy\u010distit, tato firma je zde i pro v\u00e1s, prov\u00e1d\u00ed toti\u017e i tyto \u00faklidy.Tak\u017ee se pod\u00edv\u00e1me trochu podrobn\u011bji na jej\u00ed nab\u00eddku a p\u0159ibl\u00ed\u017e\u00edme v\u00e1m, co v\u0161echno pro v\u00e1s m\u016f\u017ee ud\u011blat.GENER\u00c1LN\u00cd \u00daKLIDGener\u00e1ln\u00ed \u00faklid jde opravdu do hloubky, tak\u017ee p\u0159i strojov\u00e9m \u010di\u0161t\u011bn\u00ed zbav\u00ed v\u0161echny podlahy prachu, kter\u00fd je hluboce usazen ve v\u0161ech materi\u00e1lech, nejen v koberc\u00edch, ale i ve d\u0159ev\u011bn\u00fdch podlah\u00e1ch nebo ve dla\u017eb\u011b. P\u0159i gener\u00e1ln\u00edm \u00faklidu se kompletn\u011b v\u0161echny plochy zbav\u00ed prachu, jsou vy\u010di\u0161t\u011bna i b\u011b\u017en\u011b nedostupn\u00e1 m\u00edsta, jako vysok\u00e9 sk\u0159\u00edn\u011b, stropn\u00ed v\u011btr\u00e1ky a osv\u011btlen\u00ed. Ani okna, vitr\u00edny a v\u00fdlohy nez\u016fstanou bez \u00fadr\u017eby, krom\u011b sklen\u011bn\u00fdch ploch se vy\u010dist\u00ed i r\u00e1my, parapety a kliky.\u00daKLID PRAVIDELN\u00ddPravideln\u00fd \u00faklid se obstar\u00e1v\u00e1 na z\u00e1klad\u011b domluvy se z\u00e1kazn\u00edkem, a to jak ohledn\u011b \u010detnosti \u00faklidu, tak i ukl\u00edzen\u00fdch ploch. Jedn\u00e1 se zejm\u00e9na o vyt\u0159en\u00ed a vys\u00e1t\u00ed podlah, set\u0159en\u00ed pracovn\u00edch a j\u00eddeln\u00edch stol\u016f, set\u0159en\u00ed prachu ze za\u0159\u00edzen\u00ed jako jsou kop\u00edrky, po\u010d\u00edta\u010de, tisk\u00e1rny, ot\u0159en\u00ed zrcadel, a kompletn\u00ed \u00faklid soci\u00e1ln\u00edho za\u0159\u00edzen\u00edSTAVEBN\u00cd \u00daKLIDJedn\u00e1 se o nejn\u00e1ro\u010dn\u011bj\u0161\u00ed \u00faklid prostor po stavebn\u00edch \u00faprav\u00e1ch, nebo \u010derstv\u011b postaven\u00fdch objekt\u016f. Odstran\u00ed se v\u0161echny zbyl\u00e9 stavebn\u00ed materi\u00e1ly, jejich obaly, zbytky sut\u00ed, p\u0159ischl\u00e9 barvy na podlah\u00e1ch a cel\u00fd prostor se n\u00e1sledn\u011b po proveden\u00ed hrub\u00e9 o\u010disty vy\u010dist\u00ed tak zvan\u011b na\u010disto.Pokud v\u00e1s tedy tr\u00e1p\u00ed probl\u00e9my s \u00faklidem va\u0161eho pracovi\u0161t\u011b, obchodu, nebo sh\u00e1n\u00edte firmu, kter\u00e1 v\u00e1m spolehliv\u011b vy\u010dist\u00ed stavbu p\u0159ed kolaudac\u00ed, obra\u0165te se na \u00faklidov\u00e9 firmy Praha.                                                                                                                                                                                                                                                                                                                                                                                         4.7\/5 - (3 votes)        "},{"@context":"https:\/\/schema.org\/","@type":"BreadcrumbList","itemListElement":[{"@type":"ListItem","position":1,"name":"Nejlep\u0161\u00ed \u00faklidov\u00e1 firma v Praze.","item":"https:\/\/www.pomad.cz\/nejlepsi-uklidova-firma-v-praze\/#breadcrumbitem"}]}]